{"id":125,"date":"2026-02-21T01:31:42","date_gmt":"2026-02-21T01:31:42","guid":{"rendered":"https:\/\/ahjobs.com.br\/?p=125"},"modified":"2026-02-26T00:17:44","modified_gmt":"2026-02-26T00:17:44","slug":"cursos-para-tecnico-em-refrigeracao-a-profissao-que-esta-em-alta","status":"publish","type":"post","link":"https:\/\/ahjobs.com.br\/hu\/hutoszereloknek-szolo-tanfolyamok-egy-nagy-keresletu-szakma\/","title":{"rendered":"H\u0171t\u0151technikus tanfolyamok: Egy nagy kereslet\u0171 szakma"},"content":{"rendered":"<h2 class=\"wp-block-heading\">Val\u00f3di lehet\u0151s\u00e9g egy folyamatosan n\u00f6vekv\u0151 piacon.<\/h2>\n\n\n\n<p>Egy olyan t\u00falnyom\u00f3r\u00e9szt forr\u00f3 \u00e9ghajlat\u00fa orsz\u00e1gban, mint Braz\u00edlia, a h\u0171t\u0151rendszerek m\u00e1r nem luxuscikk, hanem sz\u00fcks\u00e9gszer\u0171s\u00e9gg\u00e9 v\u00e1ltak. L\u00e9gkondicion\u00e1l\u00f3k, h\u0171t\u0151kamr\u00e1k, kereskedelmi h\u0171t\u0151szekr\u00e9nyek, ipari fagyaszt\u00f3k \u00e9s kl\u00edmaberendez\u00e9sek jelen vannak otthonokban, v\u00e1llalkoz\u00e1sokban, k\u00f3rh\u00e1zakban, szupermarketekben \u00e9s ipar\u00e1gakban.<\/p>\n\n\n\n<p>Most k\u00e9pzelj\u00fck el a k\u00f6vetkez\u0151 forgat\u00f3k\u00f6nyvet. Egy \u00e9tterem h\u0171t\u0151kamr\u00e1ja nem m\u0171k\u00f6dik. Egy szupermarketben meghib\u00e1sodik a fagyaszt\u00f3. Egy eg\u00e9sz iroda ny\u00e1r k\u00f6zep\u00e9n l\u00e9gkondicion\u00e1l\u00f3 n\u00e9lk\u00fcl van. A vesztes\u00e9gek azonnaliak lehetnek. \u00c9s pontosan ebben a pillanatban v\u00e1lik n\u00e9lk\u00fcl\u00f6zhetetlenn\u00e9 egy h\u0171t\u0151szerel\u0151.<\/p>\n\n\n\n<p>Sokan az\u00e9rt keresnek \u00faj szakm\u00e1t, mert magasabb j\u00f6vedelemre, stabilit\u00e1sra vagy anyagi f\u00fcggetlens\u00e9gre v\u00e1gynak. Azonban nem mindig tal\u00e1lnak egy\u00e9rtelm\u0171 utat. A j\u00f3 h\u00edr az, hogy a h\u0171t\u0151szerel\u0151 tanfolyamok viszonylag gyors k\u00e9pz\u00e9st, megfizethet\u0151 befektet\u00e9st \u00e9s magas foglalkoztathat\u00f3s\u00e1got k\u00edn\u00e1lnak.<\/p>\n\n\n\n<p>Ebben a cikkben megismerheted, hogyan m\u0171k\u00f6dnek ezek a kurzusok, mik a f\u0151bb munkater\u00fcletek, mennyit kereshetsz, \u00e9s hogyan alak\u00edthatod \u00e1t a m\u0171szaki ismereteidet stabil \u00e9s j\u00f6vedelmez\u0151 karrierr\u00e9.<\/p>\n\n\n\n<h2 class=\"wp-block-heading\">Mi\u00e9rt \u00e9rdemes befektetni egy h\u0171t\u0151szerel\u0151 tanfolyamba?<\/h2>\n\n\n\n<p>A h\u0171t\u0151ter\u00fcletnek vannak olyan jellemz\u0151i, amelyek rendk\u00edv\u00fcl strat\u00e9giai fontoss\u00e1g\u00fav\u00e1 teszik.<\/p>\n\n\n\n<p>El\u0151sz\u00f6r is, ez egy alapvet\u0151 szolg\u00e1ltat\u00e1s. A h\u0171t\u0151berendez\u00e9sek telep\u00edt\u00e9st, megel\u0151z\u0151 \u00e9s korrekci\u00f3s karbantart\u00e1st ig\u00e9nyelnek. M\u00e1s sz\u00f3val, az \u00fczlet nemcsak az \u00faj elad\u00e1sokt\u00f3l, hanem az \u00e1lland\u00f3 karbantart\u00e1st\u00f3l is f\u00fcgg.<\/p>\n\n\n\n<p>Tov\u00e1bb\u00e1, ez egy nagyra \u00e9rt\u00e9kelt m\u0171szaki szakma. A v\u00e1llalatok k\u00e9pzett szakembereket keresnek, mivel a hib\u00e1k p\u00e9nz\u00fcgyi vesztes\u00e9geket \u00e9s k\u00f6rnyezeti kock\u00e1zatokat okozhatnak, f\u0151k\u00e9nt a h\u0171t\u0151k\u00f6zeg-g\u00e1zok kezel\u00e9se miatt.<\/p>\n\n\n\n<p>Egy m\u00e1sik fontos szempont az \u00f6n\u00e1ll\u00f3 munkav\u00e9gz\u00e9s lehet\u0151s\u00e9ge. Sok technikus c\u00e9gekn\u00e9l kezdi a munk\u00e1t, majd id\u0151vel saj\u00e1t \u00fcgyfeleit kezdi kiszolg\u00e1lni, jelent\u0151sen n\u00f6velve ezzel bev\u00e9tel\u00e9t.<\/p>\n\n\n\n<p>V\u00e9g\u00fcl, a k\u00e9pz\u00e9si id\u0151szak viszonylag r\u00f6vid a hagyom\u00e1nyos diplom\u00e1hoz k\u00e9pest. Mind\u00f6ssze n\u00e9h\u00e1ny h\u00f3nap alatt elegend\u0151 alapot lehet szerezni a terepen val\u00f3 munkav\u00e9gz\u00e9shez.<\/p>\n\n\n\n<h2 class=\"wp-block-heading\">Mit tanulsz egy h\u0171t\u0151szerel\u0151 tanfolyamon?<\/h2>\n\n\n\n<p>A h\u0171t\u0151technikus k\u00e9pz\u00e9sek elm\u00e9leti \u00e9s gyakorlati alapokat is ny\u00fajtanak. A kurzusok jellemz\u0151en az alkalmazott fizika alapjait, a h\u0171t\u0151rendszerek m\u0171k\u00f6d\u00e9s\u00e9t \u00e9s a karbantart\u00e1si technik\u00e1kat foglalj\u00e1k magukban.<\/p>\n\n\n\n<h3 class=\"wp-block-heading\">A h\u0171t\u00e9s \u00e9s a l\u00e9gkondicion\u00e1l\u00e1s alapjai<\/h3>\n\n\n\n<p>A di\u00e1k olyan fogalmakat saj\u00e1t\u00edt el, mint a h\u0171t\u00e9si ciklus, a kompresszi\u00f3, a kondenz\u00e1ci\u00f3, a p\u00e1rolg\u00e1s \u00e9s a t\u00e1gul\u00e1s. Emellett tanulm\u00e1nyozza a h\u0171t\u0151k\u00f6zegek t\u00edpusait \u00e9s a h\u0151csere alapelveit.<\/p>\n\n\n\n<p>Ezek az alapok elengedhetetlenek a hib\u00e1k diagnosztiz\u00e1l\u00e1s\u00e1hoz \u00e9s az olyan berendez\u00e9sek m\u0171k\u00f6d\u00e9s\u00e9nek meg\u00e9rt\u00e9s\u00e9hez, mint az osztott l\u00e9gkondicion\u00e1l\u00f3k, k\u00f6zponti rendszerek \u00e9s h\u0171t\u0151kamr\u00e1k.<\/p>\n\n\n\n<h3 class=\"wp-block-heading\">L\u00e9gkondicion\u00e1l\u00f3 telep\u00edt\u00e9s<\/h3>\n\n\n\n<p>Az egyik legkeresettebb ter\u00fclet a lakoss\u00e1gi \u00e9s kereskedelmi l\u00e9gkondicion\u00e1l\u00f3k telep\u00edt\u00e9se.<\/p>\n\n\n\n<p>A kurzus sor\u00e1n a hallgat\u00f3 megismerkedik a BTU m\u00e9retez\u00e9ssel, az egys\u00e9gek megfelel\u0151 elhelyez\u00e9s\u00e9vel, a rendszer v\u00e1kuum\u00e1val, a g\u00e1zt\u00f6lt\u00e9ssel \u00e9s a funkcion\u00e1lis tesztel\u00e9ssel.<\/p>\n\n\n\n<p>A gyakorlatban ez a tud\u00e1s lehet\u0151v\u00e9 teszi a m\u0171k\u00f6d\u00e9st egy rendk\u00edv\u00fcl versenyk\u00e9pes piacon, k\u00fcl\u00f6n\u00f6sen az \u00e9v melegebb h\u00f3napjaiban.<\/p>\n\n\n\n<h3 class=\"wp-block-heading\">Megel\u0151z\u0151 \u00e9s korrekci\u00f3s karbantart\u00e1s<\/h3>\n\n\n\n<p>A telep\u00edt\u00e9s mellett a karbantart\u00e1s a szerel\u0151k egyik f\u0151 bev\u00e9teli forr\u00e1sa.<\/p>\n\n\n\n<p>A kurzus megtan\u00edtja a sziv\u00e1rg\u00e1sok, elektromos hib\u00e1k, kompresszorprobl\u00e9m\u00e1k \u00e9s az elektronikus panel hib\u00e1inak azonos\u00edt\u00e1s\u00e1t.<\/p>\n\n\n\n<p>A megel\u0151z\u0151 karbantart\u00e1st k\u00fcl\u00f6n\u00f6sen azok a v\u00e1llalatok \u00e9rt\u00e9kelik, amelyek a l\u00e9gkondicion\u00e1l\u00f3 rendszerek megfelel\u0151 m\u0171k\u00f6d\u00e9s\u00e9hez sz\u00fcks\u00e9gesek.<\/p>\n\n\n\n<h3 class=\"wp-block-heading\">Kereskedelmi \u00e9s ipari h\u0171t\u00e9stechnika<\/h3>\n\n\n\n<p>Ez a ter\u00fclet nagyobb \u00e9s \u00f6sszetettebb berendez\u00e9seket foglal mag\u00e1ban, mint p\u00e9ld\u00e1ul h\u0171t\u0151kamr\u00e1kat, h\u0171t\u00f6tt vitrinek \u00e9s ipari rendszereket.<\/p>\n\n\n\n<p>Az ebben a szegmensben szakosodott szakemberek \u00e1ltal\u00e1ban \u00e1tlagon fel\u00fcli fizet\u00e9ssel rendelkeznek, mivel a felel\u0151ss\u00e9gv\u00e1llal\u00e1s \u00e9s a szakmai tud\u00e1s szintje magasabb.<\/p>\n\n\n\n<h2 class=\"wp-block-heading\">A szakemberr\u00e9 v\u00e1l\u00e1s el\u0151nyei a ter\u00fcleten.<\/h2>\n\n\n\n<p>Egy m\u0171szaki tanfolyamba val\u00f3 befektet\u00e9s k\u00e9zzelfoghat\u00f3 el\u0151ny\u00f6kkel j\u00e1r.<\/p>\n\n\n\n<p>El\u0151sz\u00f6r is, n\u00f6veli a hiteless\u00e9get a piacon. Az \u00fcgyfelek \u00e9s a v\u00e1llalatok a k\u00e9pzett \u00e9s min\u0151s\u00edtett szakembereket r\u00e9szes\u00edtik el\u0151nyben.<\/p>\n\n\n\n<p>Tov\u00e1bb\u00e1 lehet\u0151v\u00e9 teszi a szolg\u00e1ltat\u00e1sok m\u00e9lt\u00e1nyosabb \u00e1raz\u00e1s\u00e1t, mivel a k\u00e9pes\u00edt\u00e9sek bizalmat \u00e9s biztons\u00e1got k\u00f6zvet\u00edtenek.<\/p>\n\n\n\n<p>Tov\u00e1bbi el\u0151ny a szakmai fejl\u0151d\u00e9s lehet\u0151s\u00e9ge. Egy technikus elkezdheti egyszer\u0171 szolg\u00e1ltat\u00e1sok elv\u00e9gz\u00e9s\u00e9vel, majd a tapasztalat megszerz\u00e9s\u00e9vel nagyobb projektek \u00e9s v\u00e1llalati szerz\u0151d\u00e9sek fel\u00e9 haladhat.<\/p>\n\n\n\n<p>Az ism\u00e9tl\u0151d\u0151 haszn\u00e1lat el\u0151nye is van. A h\u0171t\u0151berendez\u00e9sek rendszeres karbantart\u00e1st ig\u00e9nyelnek, ami \u00e1lland\u00f3 munkafolyamatot hoz l\u00e9tre.<\/p>\n\n\n\n<h2 class=\"wp-block-heading\">Szem\u00e9lyes vagy online kurzus<\/h2>\n\n\n\n<p>Jelenleg szem\u00e9lyes \u00e9s online kurzusok is el\u00e9rhet\u0151k.<\/p>\n\n\n\n<p>A szem\u00e9lyes jelenl\u00e9tet ig\u00e9nyl\u0151 kurzusok jellemz\u0151en t\u00f6bb gyakorlati laborat\u00f3riumi tapasztalatot k\u00edn\u00e1lnak, ami megk\u00f6nny\u00edti a kezdeti tanul\u00e1st.<\/p>\n\n\n\n<p>Az online kurzusok rugalmass\u00e1got k\u00edn\u00e1lnak, \u00edgy ide\u00e1lisak azok sz\u00e1m\u00e1ra, akik dolgoznak \u00e9s alternat\u00edv id\u0151pontokban kell tanulniuk.<\/p>\n\n\n\n<p>A v\u00e1lasztott m\u00f3dszert\u0151l f\u00fcggetlen\u00fcl azonban elengedhetetlen a fel\u00fcgyelt gyakorlat. A ter\u00fclet technikai k\u00e9szs\u00e9geket \u00e9s a r\u00e9szletekre val\u00f3 odafigyel\u00e9st ig\u00e9nyel.<\/p>\n\n\n\n<h2 class=\"wp-block-heading\">Mennyi id\u0151 alatt lehet valaki h\u0171t\u0151szerel\u0151?<\/h2>\n\n\n\n<p>Az alaptanfolyamok h\u00e1rom-hat h\u00f3napig tarthatnak. Az \u00e1tfog\u00f3bb m\u0171szaki k\u00e9pz\u00e9si programok ak\u00e1r egy \u00e9vig is eltarthatnak.<\/p>\n\n\n\n<p>Sok di\u00e1k azonban m\u00e1r a k\u00e9pz\u00e9s alatt asszisztensk\u00e9nt kezd dolgozni, gyakorlati tapasztalatot szerezve a tanul\u00e1s mellett.<\/p>\n\n\n\n<p>A fejl\u0151d\u00e9s az elk\u00f6telezetts\u00e9gen, a gyakorl\u00e1son \u00e9s a k\u00e9szs\u00e9gek folyamatos fejleszt\u00e9s\u00e9n m\u00falik.<\/p>\n\n\n\n<h2 class=\"wp-block-heading\">J\u00f6vedelempotenci\u00e1l a h\u0171t\u00e9si \u00e1gazatban<\/h2>\n\n\n\n<p>A kereseti potenci\u00e1l a szakter\u00fclett\u0151l, a r\u00e9gi\u00f3t\u00f3l \u00e9s az \u00fczleti modellt\u0151l f\u00fcgg\u0151en v\u00e1ltozik.<\/p>\n\n\n\n<p>A szabad\u00fasz\u00f3 technikusok d\u00edjat sz\u00e1m\u00edthatnak fel a telep\u00edt\u00e9s\u00e9rt, karbantart\u00e1s\u00e9rt, vagy havi szerz\u0151d\u00e9seket k\u00f6thetnek a c\u00e9gekkel.<\/p>\n\n\n\n<p>A l\u00e9gkondicion\u00e1l\u00f3 vagy ipari v\u00e1llalatokn\u00e1l alkalmazott szakemberek a juttat\u00e1sokon fel\u00fcl fix fizet\u00e9st is kaphatnak.<\/p>\n\n\n\n<p>A kereskedelmi \u00e9s ipari h\u0171t\u00e9si szektor jellemz\u0151en magasabb fizet\u00e9st k\u00edn\u00e1l a benne alkalmazott rendszerek \u00f6sszetetts\u00e9ge miatt.<\/p>\n\n\n\n<p>Tov\u00e1bb\u00e1 azok a technikusok, akik j\u00f3 h\u00edrnevet \u00e9s \u00fcgyf\u00e9lk\u00f6rt \u00e9p\u00edtenek ki, id\u0151vel \u00e1ltal\u00e1ban n\u00f6velik bev\u00e9teleiket.<\/p>\n\n\n\n<h2 class=\"wp-block-heading\">Gyakori kezd\u0151 hib\u00e1k<\/h2>\n\n\n\n<p>Az egyik f\u0151 hiba a biztons\u00e1gi el\u0151\u00edr\u00e1sok \u00e9s a h\u0171t\u0151k\u00f6zeg-g\u00e1zok helyes kezel\u00e9s\u00e9nek elhanyagol\u00e1sa.<\/p>\n\n\n\n<p>Egy m\u00e1sik hiba, ha nem a megfelel\u0151 eszk\u00f6z\u00f6kbe fektet\u00fcnk be. A min\u0151s\u00e9gi berendez\u00e9sek k\u00f6zvetlen\u00fcl befoly\u00e1solj\u00e1k a szolg\u00e1ltat\u00e1s hat\u00e9konys\u00e1g\u00e1t \u00e9s biztons\u00e1g\u00e1t.<\/p>\n\n\n\n<p>Az is gyakori, hogy al\u00e1becs\u00fclik az \u00e1lland\u00f3 friss\u00edt\u00e9s fontoss\u00e1g\u00e1t. \u00daj technol\u00f3gi\u00e1k \u00e9s berendez\u00e9smodellek jelennek meg gyakran.<\/p>\n\n\n\n<h2 class=\"wp-block-heading\">K\u00f6vetkeztet\u00e9s<\/h2>\n\n\n\n<p>A h\u0171t\u0151szerel\u0151 tanfolyamokba val\u00f3 befektet\u00e9s strat\u00e9giai d\u00f6nt\u00e9s azok sz\u00e1m\u00e1ra, akik nagy kereslet\u0171, stabil \u00e9s p\u00e9nz\u00fcgyi n\u00f6veked\u00e9si potenci\u00e1llal rendelkez\u0151 szakm\u00e1t keresnek.<\/p>\n\n\n\n<p>Ebben a cikkben v\u00e9gig l\u00e1thattad, hogy a k\u00e9pz\u00e9s mag\u00e1ban foglalja a m\u0171szaki alapismereteket, a telep\u00edt\u00e9st, a karbantart\u00e1st \u00e9s a munkater\u00fcletet sz\u00e9les\u00edt\u0151 specializ\u00e1ci\u00f3kat. Azt is meg\u00e9rtetted, hogy a ter\u00fclet lehet\u0151s\u00e9get k\u00edn\u00e1l hivatalos foglalkoztat\u00e1sra vagy \u00f6n\u00e1ll\u00f3 v\u00e1llalkoz\u00f3i tev\u00e9kenys\u00e9gre.<\/p>\n\n\n\n<p>A f\u0151 tanuls\u00e1g az, hogy a k\u00e9pes\u00edt\u00e9sek ler\u00f6vid\u00edtik az utat. Min\u00e9l felk\u00e9sz\u00fcltebb vagy, ann\u00e1l nagyobb es\u00e9lyed van arra, hogy kit\u0171nj a versenypiacon.<\/p>\n\n\n\n<p>A h\u0171t\u00e9stechnika nem csup\u00e1n egy m\u0171szaki szakma. Val\u00f3di lehet\u0151s\u00e9g arra, hogy a tud\u00e1st j\u00f6vedelemm\u00e9 alak\u00edtsuk, \u00e9s stabil karriert \u00e9p\u00edts\u00fcnk.<\/p>\n\n\n\n<p>Most a te kezedben van a d\u00f6nt\u00e9s. Egy tanfolyam elkezd\u00e9se lehet az els\u0151 l\u00e9p\u00e9s a p\u00e9nz\u00fcgyi f\u00fcggetlens\u00e9g \u00e9s a szakmai stabilit\u00e1s el\u00e9r\u00e9se fel\u00e9 egy folyamatosan n\u00f6vekv\u0151 ter\u00fcleten.<\/p>","protected":false},"excerpt":{"rendered":"<p>Oportunidade real em um mercado que n\u00e3o para de crescer Em um pa\u00eds de clima predominantemente quente como o Brasil, sistemas de refrigera\u00e7\u00e3o deixaram de ser luxo e se tornaram necessidade. Ar condicionado, c\u00e2maras frias, geladeiras comerciais, freezers industriais e sistemas de climatiza\u00e7\u00e3o est\u00e3o presentes em resid\u00eancias, com\u00e9rcios, hospitais, supermercados e ind\u00fastrias. Agora imagine o [&hellip;]<\/p>\n","protected":false},"author":1,"featured_media":126,"comment_status":"closed","ping_status":"open","sticky":false,"template":"","format":"standard","meta":{"footnotes":""},"categories":[9],"tags":[],"class_list":{"0":"post-125","1":"post","2":"type-post","3":"status-publish","4":"format-standard","5":"has-post-thumbnail","7":"category-cursos"},"_links":{"self":[{"href":"https:\/\/ahjobs.com.br\/hu\/wp-json\/wp\/v2\/posts\/125","targetHints":{"allow":["GET"]}}],"collection":[{"href":"https:\/\/ahjobs.com.br\/hu\/wp-json\/wp\/v2\/posts"}],"about":[{"href":"https:\/\/ahjobs.com.br\/hu\/wp-json\/wp\/v2\/types\/post"}],"author":[{"embeddable":true,"href":"https:\/\/ahjobs.com.br\/hu\/wp-json\/wp\/v2\/users\/1"}],"replies":[{"embeddable":true,"href":"https:\/\/ahjobs.com.br\/hu\/wp-json\/wp\/v2\/comments?post=125"}],"version-history":[{"count":1,"href":"https:\/\/ahjobs.com.br\/hu\/wp-json\/wp\/v2\/posts\/125\/revisions"}],"predecessor-version":[{"id":127,"href":"https:\/\/ahjobs.com.br\/hu\/wp-json\/wp\/v2\/posts\/125\/revisions\/127"}],"wp:featuredmedia":[{"embeddable":true,"href":"https:\/\/ahjobs.com.br\/hu\/wp-json\/wp\/v2\/media\/126"}],"wp:attachment":[{"href":"https:\/\/ahjobs.com.br\/hu\/wp-json\/wp\/v2\/media?parent=125"}],"wp:term":[{"taxonomy":"category","embeddable":true,"href":"https:\/\/ahjobs.com.br\/hu\/wp-json\/wp\/v2\/categories?post=125"},{"taxonomy":"post_tag","embeddable":true,"href":"https:\/\/ahjobs.com.br\/hu\/wp-json\/wp\/v2\/tags?post=125"}],"curies":[{"name":"munkaf\u00fczet","href":"https:\/\/api.w.org\/{rel}","templated":true}]}}